{"id":1243,"date":"2018-06-26T06:27:51","date_gmt":"2018-06-26T15:27:51","guid":{"rendered":"http:\/\/bjm.schwanzer.info\/?p=1243"},"modified":"2018-06-26T06:27:51","modified_gmt":"2018-06-26T15:27:51","slug":"wildkamera-gesetzliche-grundlagen","status":"publish","type":"post","link":"http:\/\/bjm.schwanzer.info\/?p=1243","title":{"rendered":"Wildkamera &#8211; Gesetzliche Grundlagen"},"content":{"rendered":"<p><img loading=\"lazy\" decoding=\"async\" class=\"size-full wp-image-1246 aligncenter\" src=\"http:\/\/bjm.schwanzer.info\/wp-content\/uploads\/2018\/06\/rehgeiss.jpg\" alt=\"\" width=\"600\" height=\"307\" srcset=\"http:\/\/bjm.schwanzer.info\/wp-content\/uploads\/2018\/06\/rehgeiss.jpg 600w, http:\/\/bjm.schwanzer.info\/wp-content\/uploads\/2018\/06\/rehgeiss-300x154.jpg 300w\" sizes=\"auto, (max-width: 600px) 100vw, 600px\" \/><\/p>\n<p>&nbsp;<\/p>\n<p style=\"text-align: justify;\">Bis zur aktuellen neuen DSGVO galt f\u00fcr Wildkameras strenggenommen eine Meldepflicht f\u00fcr den \u00f6ffentlichen Raum. Meldungen hatten beim Datenschutzregister zu erfolgen und es galt die Verpflichtung zur Information durch Kennzeichnung. Durch die geforderten Hinweistafeln kam es oft zur Zerst\u00f6rung oder zum Diebstahl der Kameras.<\/p>\n<p style=\"text-align: justify;\">Dieser Umstand hat sich durch die neue EU-Datenschutzgrundverordnung seit dem 25. Mai 2018 ge\u00e4ndert. Nun ist eine Verarbeitung von personenbezogenen Daten (auch durch Wildkameras) dann rechtm\u00e4ssig und zul\u00e4ssig, wenn \u201edie Verarbeitung zur Wahrung der berechtigten Interessen des Verantwortlichen oder eines Dritten erforderlich ist, sofern nicht die Interessen oder Grundrechte und Grundfreiheiten der betroffenen Person, die den Schutz personenbezogener Daten erfordern, \u00fcberwiegen&#8230;\u201c.<br \/>\nLaut dem \u00f6sterreichischen Datenschutzanpassungsgesetz \u00a7 30 Abs. 3 Z 3 ist eine Bildaufnahme dann zul\u00e4ssig, wenn ein privates Dokumentationsinteresse verfolgt wird, welches nicht auf die identifizierbare Erfassung unbeteiligter Personen oder die gezielte Erfassung von Objekten, die sich zur mittelbaren Identifizierung solcher Personen eignen, gerichtet ist.<\/p>\n<p>&nbsp;<\/p>\n<p style=\"text-align: justify;\"><strong>Demnach k\u00f6nnen Wildkameras zum Zwecke der Wildbeobachtung durch den Jagdaus\u00fcbungsberechtigten frei verwendet werden<\/strong>, da auf diesem Wege wertvolle Informationen \u00fcber Art, Zustand und Anzahl des Wildbestandes geliefert werden k\u00f6nnen.<\/p>\n<p style=\"text-align: justify;\">Aufnahmen, auf denen Personen zu sehen sind, d\u00fcrfen selbstverst\u00e4ndlich nicht weitergegeben werden, es sei denn, es ist z.B. eine strafbare Handlung darauf zu erkennen.<\/p>\n<p>&nbsp;<\/p>\n<p style=\"text-align: justify;\">Bei der Verwendung von Wildkameras muss allerdings beachtet werden, dass ein <strong>Verzeichnis<\/strong> zu f\u00fchren ist, welches folgende Daten enthalten muss:<\/p>\n<p style=\"padding-left: 30px; text-align: justify;\"><strong>&#8211; Namen und Kontaktdaten des Verantwortlichen<\/strong><br \/>\n<strong>&#8211; Zweck der Verarbeitung<\/strong> (z.B. Erfassung des Wildbestandes)<br \/>\n<strong>&#8211; Beschreibung der Kategorien<\/strong> (Wanderer, Schwammerlsucher etc.)<\/p>\n<p style=\"text-align: justify;\">Dieses Verzeichnis sollte bei den \u00fcblichen Jagddokumenten aufbewahrt werden und kann auch handschriftlich gef\u00fchrt werden.<br \/>\nEine genaue Standortangabe der jeweiligen Wildkameras ist nicht erforderlich.<\/p>\n","protected":false},"excerpt":{"rendered":"<p>&nbsp; Bis zur aktuellen neuen DSGVO galt f\u00fcr Wildkameras strenggenommen eine Meldepflicht f\u00fcr den \u00f6ffentlichen Raum. Meldungen hatten beim Datenschutzregister zu erfolgen und es galt die Verpflichtung zur Information durch Kennzeichnung. Durch die geforderten Hinweistafeln kam es oft zur Zerst\u00f6rung oder zum Diebstahl der Kameras. Dieser Umstand hat sich durch die neue EU-Datenschutzgrundverordnung seit dem [&hellip;]<\/p>\n","protected":false},"author":2,"featured_media":0,"comment_status":"closed","ping_status":"closed","sticky":false,"template":"","format":"standard","meta":{"footnotes":""},"categories":[2],"tags":[],"class_list":["post-1243","post","type-post","status-publish","format-standard","hentry","category-allgemeines"],"_links":{"self":[{"href":"http:\/\/bjm.schwanzer.info\/index.php?rest_route=\/wp\/v2\/posts\/1243","targetHints":{"allow":["GET"]}}],"collection":[{"href":"http:\/\/bjm.schwanzer.info\/index.php?rest_route=\/wp\/v2\/posts"}],"about":[{"href":"http:\/\/bjm.schwanzer.info\/index.php?rest_route=\/wp\/v2\/types\/post"}],"author":[{"embeddable":true,"href":"http:\/\/bjm.schwanzer.info\/index.php?rest_route=\/wp\/v2\/users\/2"}],"replies":[{"embeddable":true,"href":"http:\/\/bjm.schwanzer.info\/index.php?rest_route=%2Fwp%2Fv2%2Fcomments&post=1243"}],"version-history":[{"count":0,"href":"http:\/\/bjm.schwanzer.info\/index.php?rest_route=\/wp\/v2\/posts\/1243\/revisions"}],"wp:attachment":[{"href":"http:\/\/bjm.schwanzer.info\/index.php?rest_route=%2Fwp%2Fv2%2Fmedia&parent=1243"}],"wp:term":[{"taxonomy":"category","embeddable":true,"href":"http:\/\/bjm.schwanzer.info\/index.php?rest_route=%2Fwp%2Fv2%2Fcategories&post=1243"},{"taxonomy":"post_tag","embeddable":true,"href":"http:\/\/bjm.schwanzer.info\/index.php?rest_route=%2Fwp%2Fv2%2Ftags&post=1243"}],"curies":[{"name":"wp","href":"https:\/\/api.w.org\/{rel}","templated":true}]}}